{"id":1529,"date":"2023-09-04T12:50:47","date_gmt":"2023-09-04T10:50:47","guid":{"rendered":"https:\/\/onlybio.mom\/blog\/?p=1529"},"modified":"2026-08-16T12:13:23","modified_gmt":"2026-08-16T10:13:23","slug":"jak-prawidlowo-suszyc-wlosy","status":"publish","type":"post","link":"https:\/\/onlybio.mom\/blog\/jak-prawidlowo-suszyc-wlosy\/","title":{"rendered":"Jak prawid\u0142owo suszy\u0107 w\u0142osy suszark\u0105?"},"content":{"rendered":"\n<p>Z dzisiejszego tekstu dowiesz si\u0119, jak suszy\u0107 w\u0142osy suszark\u0105, by im nie zaszkodzi\u0107. Podpowiemy r\u00f3wnie\u017c, jak suszy\u0107 kr\u0119cone w\u0142osy, a jak proste. Nast\u0119pnie pomo\u017cemy w doborze urz\u0105dzenia i odpowiemy na najcz\u0119\u015bciej zadawane pytania \u2013 na przyk\u0142ad jak suszy\u0107 w\u0142osy, \u017ceby si\u0119 nie puszy\u0142y? Zapraszamy do lektury!<\/p>\n\n\n\n<h2 class=\"wp-block-heading\" id=\"Czy suszenie w\u0142os\u00f3w suszark\u0105 zagra\u017ca ich kondycji?\">Czy suszenie w\u0142os\u00f3w suszark\u0105 zagra\u017ca ich kondycji?<\/h2>\n\n\n\n<p>Suszenie w\u0142os\u00f3w przy pomocy suszarki rzeczywi\u015bcie nie jest dla nich naj\u0142askawszym rozwi\u0105zaniem. Mokre kosmyki wch\u0142aniaj\u0105 wod\u0119 poprzez rozchylone \u0142uski, a wi\u0119c zwi\u0119kszaj\u0105 swoj\u0105 obj\u0119to\u015b\u0107. Spotkanie z gor\u0105cym powietrzem prowadzi do ich wysuszenia, a tak\u017ce degradacji. W ten spos\u00f3b w\u0142osy staj\u0105 si\u0119 os\u0142abione i \u0142amliwe.<\/p>\n\n\n\n<p>U\u017cycie suszarki z zimnym nawiewem jest bezpieczniejsze, ale w tym przypadku r\u00f3wnie\u017c \u0142atwo o b\u0142\u0105d. Zbyt silny strumie\u0144 powietrza tak\u017ce degraduje powierzchni\u0119 w\u0142osa i wydmuchuje z niego substancje od\u017cywcze. Na szcz\u0119\u015bcie wiedz\u0105c jak suszy\u0107 w\u0142osy suszark\u0105 w spos\u00f3b bezpieczny, mo\u017cesz zredukowa\u0107 potencjalne zagro\u017cenia! Suszenie, podobnie jak <a href=\"https:\/\/onlybio.mom\/blog\/jak-prawidlowo-czesac-wlosy\/\">czesanie w\u0142os\u00f3w<\/a>, bywa zale\u017cnie od wykonania po\u017cyteczne lub szkodliwe.<\/p>\n\n\n<div class=\"products single-swiper-products\"><div class=\"swiper-wrapper\"><div class=\"swiper-slide\">\n        <div class=\"js-product product\">\n            <article class=\"product-miniature js-product-miniature\" data-id-product=\"477\" data-id-product-attribute=\"0\">\n                <div class=\"thumbnail-container\">\n                    <div class=\"thumbnail-top\">\n                        <a href=\"https:\/\/onlybio.mom\/hair-of-the-day-by-onlybio-proteinowy-zel-do-stylizacji-fal-i-lokow-200ml.html\" class=\"thumbnail product-thumbnail\">\n                            <picture>\n                                <img decoding=\"async\" class=\"product-thumbnail--img\" \n                                     src=\"https:\/\/static.onlybio.mom\/3049-medium_default\/hair-of-the-day-by-onlybio-proteinowy-zel-do-stylizacji-fal-i-lokow-200ml.png\" \n                                     alt=\"\" \n                                     loading=\"lazy\" \n                                     data-full-size-image-url=\"https:\/\/static.onlybio.mom\/3049-app_large\/hair-of-the-day-by-onlybio-proteinowy-zel-do-stylizacji-fal-i-lokow-200ml.png\" \n                                     width=\"1500\" \n                                     height=\"1500\">\n                            <\/picture>\n                        <\/a>\n                    <\/div>\n\n                    <div class=\"product-description\">\n                        <p class=\"product-collection-name\">Hair Of The Day By ONLYBIO<\/p>\n                        <h2 class=\"product-name\" style=\"margin-top: 0px;\">\n                            <a class=\"product-name--url\" href=\"https:\/\/onlybio.mom\/hair-of-the-day-by-onlybio-proteinowy-zel-do-stylizacji-fal-i-lokow-200ml.html\" content=\"https:\/\/onlybio.mom\/hair-of-the-day-by-onlybio-proteinowy-zel-do-stylizacji-fal-i-lokow-200ml.html\">Proteinowy \u017cel do stylizacji fal i lok\u00f3w 200ml<\/a>\n                        <\/h2>  <div class=\"product-price-and-shipping\"><p class=\"product-price-and-shipping__current-price price discount-price\"><span class=\"price__integer\">6<\/span><span class=\"price__division\">,<\/span><span class=\"price__decimal\">9&nbsp;z\u0142<\/span><\/p><div class=\"product-price-and-shipping__omnibus\">\n                                          <span class=\"omnibus--text\">Najni\u017csza cena z 30 dni przed obni\u017ck\u0105:<\/span>\n                                          <span class=\"omnibus--price\">6,53\u00a0z\u0142<\/span>\n                                        <\/div><\/div>\n                        \n                       \n                    <\/div><\/div>\n            <\/article>\n        <\/div>\n    <\/div><div class=\"swiper-slide\">\n        <div class=\"js-product product\">\n            <article class=\"product-miniature js-product-miniature\" data-id-product=\"485\" data-id-product-attribute=\"0\">\n                <div class=\"thumbnail-container\">\n                    <div class=\"thumbnail-top\">\n                        <a href=\"https:\/\/onlybio.mom\/hair-in-balance-by-onlybio-stylizator-proteinowy-do-stylizacji-wlosow-kreconych-200ml.html\" class=\"thumbnail product-thumbnail\">\n                            <picture>\n                                <img decoding=\"async\" class=\"product-thumbnail--img\" \n                                     src=\"https:\/\/static.onlybio.mom\/2871-medium_default\/hair-in-balance-by-onlybio-stylizator-proteinowy-do-stylizacji-wlosow-kreconych-200ml.png\" \n                                     alt=\"\" \n                                     loading=\"lazy\" \n                                     data-full-size-image-url=\"https:\/\/static.onlybio.mom\/2871-app_large\/hair-in-balance-by-onlybio-stylizator-proteinowy-do-stylizacji-wlosow-kreconych-200ml.png\" \n                                     width=\"1500\" \n                                     height=\"1500\">\n                            <\/picture>\n                        <\/a>\n                    <\/div>\n\n                    <div class=\"product-description\">\n                        <p class=\"product-collection-name\">Hair In Balance By ONLYBIO<\/p>\n                        <h2 class=\"product-name\" style=\"margin-top: 0px;\">\n                            <a class=\"product-name--url\" href=\"https:\/\/onlybio.mom\/hair-in-balance-by-onlybio-stylizator-proteinowy-do-stylizacji-wlosow-kreconych-200ml.html\" content=\"https:\/\/onlybio.mom\/hair-in-balance-by-onlybio-stylizator-proteinowy-do-stylizacji-wlosow-kreconych-200ml.html\">Stylizator proteinowy do stylizacji w\u0142os\u00f3w kr\u0119conych 200ml<\/a>\n                        <\/h2>  <div class=\"product-price-and-shipping\"><p class=\"product-price-and-shipping__current-price price discount-price\"><span class=\"price__integer\">7<\/span><span class=\"price__division\">,<\/span><span class=\"price__decimal\">29&nbsp;z\u0142<\/span><\/p><div class=\"product-price-and-shipping__omnibus\">\n                                          <span class=\"omnibus--text\">Najni\u017csza cena z 30 dni przed obni\u017ck\u0105:<\/span>\n                                          <span class=\"omnibus--price\">6,89\u00a0z\u0142<\/span>\n                                        <\/div><\/div>\n                        \n                       \n                    <\/div><\/div>\n            <\/article>\n        <\/div>\n    <\/div><div class=\"swiper-slide\">\n        <div class=\"js-product product\">\n            <article class=\"product-miniature js-product-miniature\" data-id-product=\"1081\" data-id-product-attribute=\"0\">\n                <div class=\"thumbnail-container\">\n                    <div class=\"thumbnail-top\">\n                        <a href=\"https:\/\/onlybio.mom\/hair-in-balance-kids-by-onlybio-chmurkowa-odzywka-do-falowanych-i-kreconych-wlosow-200-ml.html\" class=\"thumbnail product-thumbnail\">\n                            <picture>\n                                <img decoding=\"async\" class=\"product-thumbnail--img\" \n                                     src=\"https:\/\/static.onlybio.mom\/3699-medium_default\/hair-in-balance-kids-by-onlybio-chmurkowa-odzywka-do-falowanych-i-kreconych-wlosow-200-ml.png\" \n                                     alt=\"\" \n                                     loading=\"lazy\" \n                                     data-full-size-image-url=\"https:\/\/static.onlybio.mom\/3699-app_large\/hair-in-balance-kids-by-onlybio-chmurkowa-odzywka-do-falowanych-i-kreconych-wlosow-200-ml.png\" \n                                     width=\"1500\" \n                                     height=\"1500\">\n                            <\/picture>\n                        <\/a>\n                    <\/div>\n\n                    <div class=\"product-description\">\n                        <p class=\"product-collection-name\">Hair In Balance Kids By ONLYBIO<\/p>\n                        <h2 class=\"product-name\" style=\"margin-top: 0px;\">\n                            <a class=\"product-name--url\" href=\"https:\/\/onlybio.mom\/hair-in-balance-kids-by-onlybio-chmurkowa-odzywka-do-falowanych-i-kreconych-wlosow-200-ml.html\" content=\"https:\/\/onlybio.mom\/hair-in-balance-kids-by-onlybio-chmurkowa-odzywka-do-falowanych-i-kreconych-wlosow-200-ml.html\">Chmurkowa od\u017cywka do falowanych i kr\u0119conych w\u0142os\u00f3w 200 ml<\/a>\n                        <\/h2>  <div class=\"product-price-and-shipping\"><p class=\"product-price-and-shipping__current-price price\"><span class=\"price__integer\">23<\/span><span class=\"price__division\">,<\/span><span class=\"price__decimal\">99&nbsp;z\u0142<\/span><\/p><div class=\"product-price-and-shipping__omnibus\">\n                                          <span class=\"omnibus--text\">Najni\u017csza cena z 30 dni przed obni\u017ck\u0105:<\/span>\n                                          <span class=\"omnibus--price\">17,60\u00a0z\u0142<\/span>\n                                        <\/div><\/div>\n                        \n                       \n                    <\/div><\/div>\n            <\/article>\n        <\/div>\n    <\/div><div class=\"swiper-slide\">\n        <div class=\"js-product product\">\n            <article class=\"product-miniature js-product-miniature\" data-id-product=\"487\" data-id-product-attribute=\"0\">\n                <div class=\"thumbnail-container\">\n                    <div class=\"thumbnail-top\">\n                        <a href=\"https:\/\/onlybio.mom\/hair-in-balance-by-onlybio-zel-mocny-do-stylizacji-wlosow-kreconych-200ml.html\" class=\"thumbnail product-thumbnail\">\n                            <picture>\n                                <img decoding=\"async\" class=\"product-thumbnail--img\" \n                                     src=\"https:\/\/static.onlybio.mom\/2963-medium_default\/hair-in-balance-by-onlybio-zel-mocny-do-stylizacji-wlosow-kreconych-200ml.png\" \n                                     alt=\"\" \n                                     loading=\"lazy\" \n                                     data-full-size-image-url=\"https:\/\/static.onlybio.mom\/2963-app_large\/hair-in-balance-by-onlybio-zel-mocny-do-stylizacji-wlosow-kreconych-200ml.png\" \n                                     width=\"1500\" \n                                     height=\"1500\">\n                            <\/picture>\n                        <\/a>\n                    <\/div>\n\n                    <div class=\"product-description\">\n                        <p class=\"product-collection-name\">Hair In Balance By ONLYBIO<\/p>\n                        <h2 class=\"product-name\" style=\"margin-top: 0px;\">\n                            <a class=\"product-name--url\" href=\"https:\/\/onlybio.mom\/hair-in-balance-by-onlybio-zel-mocny-do-stylizacji-wlosow-kreconych-200ml.html\" content=\"https:\/\/onlybio.mom\/hair-in-balance-by-onlybio-zel-mocny-do-stylizacji-wlosow-kreconych-200ml.html\">\u017bel mocny do stylizacji w\u0142os\u00f3w kr\u0119conych 200ml<\/a>\n                        <\/h2>  <div class=\"product-price-and-shipping\"><p class=\"product-price-and-shipping__current-price price\"><span class=\"price__integer\">18<\/span><span class=\"price__division\">,<\/span><span class=\"price__decimal\">99&nbsp;z\u0142<\/span><\/p><div class=\"product-price-and-shipping__omnibus\">\n                                          <span class=\"omnibus--text\">Najni\u017csza cena z 30 dni przed obni\u017ck\u0105:<\/span>\n                                          <span class=\"omnibus--price\">12,18\u00a0z\u0142<\/span>\n                                        <\/div><\/div>\n                        \n                       \n                    <\/div><\/div>\n            <\/article>\n        <\/div>\n    <\/div><\/div><\/div>\n\n\n<h2 class=\"wp-block-heading\" id=\"Suszarka z zimnym nawiewem, czyli jak wybra\u0107 odpowiedni model\">Suszarka z zimnym nawiewem, czyli jak wybra\u0107 odpowiedni model<\/h2>\n\n\n\n<p>W du\u017cej mierze to niskiej klasy urz\u0105dzenia odpowiadaj\u0105 za kontrowersje, kt\u00f3re wzbudza suszenie w\u0142os\u00f3w suszark\u0105. Innymi s\u0142owy, dobra suszarka z ch\u0142odnym nawiewem jest znacznie bezpieczniejsza.<\/p>\n\n\n\n<h3 class=\"wp-block-heading\">Suszenie w\u0142os\u00f3w suszark\u0105 \u2013 jak wybra\u0107 sprz\u0119t:<\/h3>\n\n\n\n<ul class=\"wp-block-list\">\n<li>Regulacja nawiewu \u2013 gdy si\u0119 nie spieszysz lub po prostu stylizujesz fryzur\u0119, mo\u017cesz dzi\u0119ki niej u\u017cy\u0107 bezpieczniejszego, mniej intensywnego st\u0142umienia powietrza.<\/li>\n\n\n\n<li>Regulacja temperatury \u2013 suszarka z ch\u0142odnym nawiewem to optymalne rozwi\u0105zanie, poniewa\u017c zimne powietrze domyka \u0142uski wilgotnych w\u0142os\u00f3w.<\/li>\n\n\n\n<li>Dyfuzor \u2013 znakomicie rozprasza strumie\u0144 powietrza i jest odpowiedzi\u0105 na pytanie: jak suszy\u0107 kr\u0119cone w\u0142osy?<\/li>\n\n\n\n<li>Jonizacja \u2013 stosowanie suszarki z zimnym nawiewem to nie wszystko, gdy zmagasz si\u0119 z elektryzuj\u0105cymi si\u0119 pasemkami. Jonizacja pomo\u017ce Ci rozwi\u0105za\u0107 ten problem.<\/li>\n\n\n\n<li>Moc \u2013 ma charakter drugorz\u0119dny, jednak sprz\u0119t o wy\u017cszej mocy umo\u017cliwia szybsze suszenie w\u0142os\u00f3w, co dotyczy r\u00f3wnie\u017c suszarki z zimnym nawiewem.<\/li>\n<\/ul>\n\n\n\n<p><a href=\"https:\/\/onlybio.mom\/blog\/swiadoma-pielegnacja-wlosow-9-podstawowych-zasad-wlosingu-b77\/\">\u015awiadoma piel\u0119gnacja w\u0142os\u00f3w<\/a> nie musi by\u0107 kosztowna, a wyb\u00f3r suszarki tego dowodzi. Wspomniane funkcje s\u0105 dost\u0119pne w przyzwoitych i niekoniecznie drogich modelach.<\/p>\n\n\n\n<h2 class=\"wp-block-heading\" id=\"Jak suszy\u0107 w\u0142osy zale\u017cnie od ich typu?\">Jak suszy\u0107 w\u0142osy zale\u017cnie od ich typu?<\/h2>\n\n\n\n<p>Odpowied\u017a na pytanie: jak prawid\u0142owo suszy\u0107 w\u0142osy suszark\u0105 cz\u0119\u015bciowo zale\u017cy od typu Twoich pasemek. Spr\u0119\u017cynki maj\u0105 nieco inne wymagania ni\u017c g\u0142adkie proste w\u0142osy.<\/p>\n\n\n\n<h3 class=\"wp-block-heading\">Jak suszy\u0107 w\u0142osy proste?<\/h3>\n\n\n\n<p>Suszenie w\u0142os\u00f3w prostych nale\u017cy dopasowa\u0107 do ich grubo\u015bci. Najlepiej spisze si\u0119 oczywi\u015bcie suszarka z ch\u0142odnym nawiewem. Drugi istotny czynnik to intensywno\u015b\u0107 strumienia powietrza. Je\u015bli posiadasz do\u015b\u0107 cienkie kosmyki, zachowaj umiar, by unikn\u0105\u0107 ich popl\u0105tania. W przypadku w\u0142os\u00f3w grubszych mo\u017cesz wybra\u0107 mocniejszy nawiew.<\/p>\n\n\n\n<h2 class=\"wp-block-heading\" id=\"Jak suszy\u0107 kr\u0119cone w\u0142osy?\">Jak suszy\u0107 kr\u0119cone w\u0142osy?<\/h2>\n\n\n\n<p>Je\u015bli chodzi o spr\u0119\u017cynki, nie liczy si\u0119 wy\u0142\u0105cznie u\u017cycie suszarki z zimnym nawiewem, ale tak\u017ce zastosowanie dyfuzora. Jego u\u017cycie wymaga dociskania poszczeg\u00f3lnych pasm do sk\u00f3ry g\u0142owy. Suszenie w\u0142os\u00f3w gor\u0105cym powietrzem nie wchodzi tutaj w gr\u0119. Je\u015bli pragniesz podkre\u015bli\u0107 skr\u0119t Twoich lok\u00f3w i efektownie wystylizowa\u0107 fryzur\u0119, naturalnym wsparciem jest <a href=\"https:\/\/onlybio.mom\/hair-in-balance-by-onlybio-stylizator-proteinowy-do-stylizacji-wlosow-kreconych-200ml.html\">Stylizator proteinowy do stylizacji w\u0142os\u00f3w kr\u0119conych Hair in Balance<\/a>. Produkt powsta\u0142 w\u0142a\u015bnie z my\u015bl\u0105 o suszeniu w\u0142os\u00f3w przy pomocy dyfuzora!<\/p>\n\n\n\n<figure class=\"wp-block-image\"><img decoding=\"async\" src=\"https:\/\/onlybio.mom\/blog\/wp-content\/uploads\/2023\/09\/suszenie-wlosow-986x657.jpg\" alt=\"prawid\u0142owe suszenie w\u0142os\u00f3w\"\/><\/figure>\n\n\n\n<p><a href=\"https:\/\/onlybio.mom\/blog\/wp-content\/uploads\/2023\/09\/suszenie-wlosow.jpg\"><\/a><\/p>\n\n\n\n<h2 class=\"wp-block-heading\" id=\"Jak prawid\u0142owo suszy\u0107 w\u0142osy suszark\u0105 \u2013 FAQ\">Jak prawid\u0142owo suszy\u0107 w\u0142osy suszark\u0105 \u2013 FAQ<\/h2>\n\n\n\n<p>Suszenie w\u0142os\u00f3w to bardziej z\u0142o\u017cona kwestia, ni\u017c mog\u0142oby si\u0119 wydawa\u0107. W tym miejscu odpowiemy zatem na kilka regularnie zadawanych przez w\u0142osomaniaczki pyta\u0144!<\/p>\n\n\n\n<h3 class=\"wp-block-heading\">Jak suszy\u0107 w\u0142osy, \u017ceby si\u0119 nie puszy\u0142y?<\/h3>\n\n\n\n<p>Wyb\u00f3r suszarki z zimnym nawiewem oraz jonizacj\u0105 rozwi\u0105zuje nie tylko problem elektryzowania si\u0119 w\u0142os\u00f3w, ale tak\u017ce puszenia. Ch\u0142odne powietrze znakomicie domyka \u0142uski.<\/p>\n\n\n\n<h3 class=\"wp-block-heading\">Jak suszy\u0107 w\u0142osy, \u017ceby ich nie niszczy\u0107?<\/h3>\n\n\n\n<p>By ochroni\u0107 w\u0142osy w trakcie suszenia, unikaj gor\u0105cego nawiewu i nie trzymaj suszarki w bliskiej odleg\u0142o\u015bci od Twoich pasemek. Staraj si\u0119 r\u00f3wnie\u017c nie czesa\u0107 w\u0142os\u00f3w, gdy s\u0105 wilgotne i w trakcie samego suszenia.<\/p>\n\n\n\n<h3 class=\"wp-block-heading\">Jak prawid\u0142owo suszy\u0107 w\u0142osy suszark\u0105, by si\u0119 nie pl\u0105ta\u0142y?<\/h3>\n\n\n\n<p>Dostosuj intensywno\u015b\u0107 nawiewu do grubo\u015bci Twoich w\u0142os\u00f3w. To cie\u0144sze kosmyki s\u0105 najbardziej podatne na pl\u0105tanie. Poza tym prowad\u017a suszenie w\u0142os\u00f3w w kierunku ich wzrostu, czyli od nasady po ko\u0144c\u00f3wki.<\/p>\n\n\n\n<h2 class=\"wp-block-heading\" id=\"Jak suszy\u0107 w\u0142osy suszark\u0105 krok po kroku?\">Jak suszy\u0107 w\u0142osy suszark\u0105 krok po kroku?<\/h2>\n\n\n\n<p>Odpowied\u017a na pytanie, jak suszy\u0107 w\u0142osy prawid\u0142owo, powoli wy\u0142ania si\u0119 z powy\u017cszych w\u0105tk\u00f3w. Czas na podsumowanie. Przedstawimy w nim bezpieczne suszenie w\u0142os\u00f3w krok po kroku:<\/p>\n\n\n\n<ol class=\"wp-block-list\">\n<li>W pierwszej kolejno\u015bci usu\u0144 nadmiar wody. Suszenie w\u0142os\u00f3w tu\u017c po myciu jest dla nich szkodliwe. Owi\u0144 g\u0142ow\u0119 r\u0119cznikiem i pozw\u00f3l wodzie wsi\u0105kn\u0105\u0107 w tkanin\u0119. Zrezygnuj z mocnego wycierania kosmyk\u00f3w.<\/li>\n\n\n\n<li>Staraj si\u0119 nie czesa\u0107 w\u0142os\u00f3w przed suszeniem, bo to r\u00f3wnie\u017c powoduje uszkodzenia. Je\u015bli boisz si\u0119 spl\u0105tania kosmyk\u00f3w, bardzo delikatnie rozczesz je natychmiast po umyciu, stosuj\u0105c grzebie\u0144 o bardzo szerokim rozstawie z\u0119b\u00f3w.<\/li>\n\n\n\n<li>Nie masz wyj\u015bcia i musisz przeprowadzi\u0107 suszenie w\u0142os\u00f3w gor\u0105cym powietrzem? Zastosuj preparat, kt\u00f3ry zredukuje jego negatywny wp\u0142yw, na przyk\u0142ad <a href=\"https:\/\/onlybio.mom\/hair-of-the-day-by-onlybio-spray-termoochronny-150ml.html\">Spray termoochronny Hair of the day<\/a>.<\/li>\n\n\n\n<li>Gdy mo\u017cesz sobie na to pozwoli\u0107, u\u017cyj suszarki z zimnym nawiewem o niezbyt du\u017cej intensywno\u015bci.<\/li>\n\n\n\n<li>Jak prawid\u0142owo suszy\u0107 w\u0142osy, \u017ceby ich nie niszczy\u0107? Przez ca\u0142y czas utrzymuj urz\u0105dzenie przynajmniej 30 cm od g\u0142owy, o ile nie u\u017cywasz dyfuzora.<\/li>\n\n\n\n<li>Ustabilizuj nadmuch w jednym kierunku \u2013 najlepiej tym, w kt\u00f3rym naturalnie uk\u0142adaj\u0105 si\u0119 Twoje w\u0142osy i od nasady w kierunku ko\u0144c\u00f3wek.<\/li>\n\n\n\n<li>Susz poszczeg\u00f3lne pasma r\u00f3wnomiernie, cz\u0119sto zmieniaj\u0105c po\u0142o\u017cenie suszarki.<\/li>\n<\/ol>\n\n\n\n<p>To wszystko! Czy bezpieczne suszenie w\u0142os\u00f3w jest trudne? Oczywi\u015bcie, \u017ce nie! Odrobina wprawy w po\u0142\u0105czeniu z przyzwoit\u0105 suszark\u0105 stanowi\u0105 klucz do sukcesu!<\/p>\n","protected":false},"excerpt":{"rendered":"<p>Wi\u0119kszo\u015b\u0107 w\u0142osomaniaczek uwa\u017ca, \u017ce suszenie w\u0142os\u00f3w suszark\u0105 negatywnie wp\u0142ywa na ich kondycj\u0119. W takim stwierdzeniu jest wiele prawdy. Jednak nie oszukujmy si\u0119 \u2013 nie zawsze mo\u017cemy pozostawi\u0107 w\u0142osy do samodzielnego wyschni\u0119cia, cho\u0107by ze wzgl\u0119du na po\u015bpiech. Poza tym suszenie w\u0142os\u00f3w suszark\u0105 w ch\u0142odniejszych porach roku bywa jedynym sposobem na unikni\u0119cie przezi\u0119bienia.<\/p>\n","protected":false},"author":1,"featured_media":1531,"comment_status":"open","ping_status":"open","sticky":false,"template":"","format":"standard","meta":{"inline_featured_image":false,"footnotes":""},"categories":[5],"tags":[],"class_list":["post-1529","post","type-post","status-publish","format-standard","has-post-thumbnail","hentry","category-wszystko-o-wlosach-i-nie-tylko"],"acf":[],"yoast_head":"<!-- This site is optimized with the Yoast SEO plugin v20.12 - https:\/\/yoast.com\/wordpress\/plugins\/seo\/ -->\n<title>Jak prawid\u0142owo suszy\u0107 w\u0142osy suszark\u0105?<\/title>\n<meta name=\"description\" content=\"Sprawd\u017a, jak suszy\u0107 w\u0142osy bezpiecznie i skutecznie. Czy wystarczy jedynie u\u017cycie suszarki z zimnym nawiewem?\" \/>\n<meta name=\"robots\" content=\"index, follow, max-snippet:-1, max-image-preview:large, max-video-preview:-1\" \/>\n<link rel=\"canonical\" href=\"https:\/\/onlybio.mom\/blog\/jak-prawidlowo-suszyc-wlosy\/\" \/>\n<meta property=\"og:locale\" content=\"pl_PL\" \/>\n<meta property=\"og:type\" content=\"article\" \/>\n<meta property=\"og:title\" content=\"Jak prawid\u0142owo suszy\u0107 w\u0142osy suszark\u0105?\" \/>\n<meta property=\"og:description\" content=\"Sprawd\u017a, jak suszy\u0107 w\u0142osy bezpiecznie i skutecznie. Czy wystarczy jedynie u\u017cycie suszarki z zimnym nawiewem?\" \/>\n<meta property=\"og:url\" content=\"https:\/\/onlybio.mom\/blog\/jak-prawidlowo-suszyc-wlosy\/\" \/>\n<meta property=\"og:site_name\" content=\"blog\" \/>\n<meta property=\"article:published_time\" content=\"2023-09-04T10:50:47+00:00\" \/>\n<meta property=\"article:modified_time\" content=\"2026-08-16T10:13:23+00:00\" \/>\n<meta property=\"og:image\" content=\"https:\/\/onlybio.mom\/blog\/wp-content\/uploads\/2023\/09\/prawidlowe-suszenie-wlosow.jpg\" \/>\n\t<meta property=\"og:image:width\" content=\"1000\" \/>\n\t<meta property=\"og:image:height\" content=\"666\" \/>\n\t<meta property=\"og:image:type\" content=\"image\/jpeg\" \/>\n<meta name=\"author\" content=\"Ekipa Onlybio\" \/>\n<meta name=\"twitter:card\" content=\"summary_large_image\" \/>\n<meta name=\"twitter:label1\" content=\"Napisane przez\" \/>\n\t<meta name=\"twitter:data1\" content=\"Ekipa Onlybio\" \/>\n\t<meta name=\"twitter:label2\" content=\"Szacowany czas czytania\" \/>\n\t<meta name=\"twitter:data2\" content=\"5 minut\" \/>\n<script type=\"application\/ld+json\" class=\"yoast-schema-graph\">{\"@context\":\"https:\/\/schema.org\",\"@graph\":[{\"@type\":\"WebPage\",\"@id\":\"https:\/\/onlybio.mom\/blog\/jak-prawidlowo-suszyc-wlosy\/\",\"url\":\"https:\/\/onlybio.mom\/blog\/jak-prawidlowo-suszyc-wlosy\/\",\"name\":\"Jak prawid\u0142owo suszy\u0107 w\u0142osy suszark\u0105?\",\"isPartOf\":{\"@id\":\"https:\/\/onlybio.mom\/blog\/#website\"},\"datePublished\":\"2023-09-04T10:50:47+00:00\",\"dateModified\":\"2026-08-16T10:13:23+00:00\",\"author\":{\"@id\":\"https:\/\/onlybio.mom\/blog\/#\/schema\/person\/d0702df59e5a28d9e26911df9fba407b\"},\"description\":\"Sprawd\u017a, jak suszy\u0107 w\u0142osy bezpiecznie i skutecznie. Czy wystarczy jedynie u\u017cycie suszarki z zimnym nawiewem?\",\"breadcrumb\":{\"@id\":\"https:\/\/onlybio.mom\/blog\/jak-prawidlowo-suszyc-wlosy\/#breadcrumb\"},\"inLanguage\":\"pl-PL\",\"potentialAction\":[{\"@type\":\"ReadAction\",\"target\":[\"https:\/\/onlybio.mom\/blog\/jak-prawidlowo-suszyc-wlosy\/\"]}]},{\"@type\":\"BreadcrumbList\",\"@id\":\"https:\/\/onlybio.mom\/blog\/jak-prawidlowo-suszyc-wlosy\/#breadcrumb\",\"itemListElement\":[{\"@type\":\"ListItem\",\"position\":1,\"name\":\"Strona g\u0142\u00f3wna\",\"item\":\"https:\/\/onlybio.mom\/blog\/\"},{\"@type\":\"ListItem\",\"position\":2,\"name\":\"Jak prawid\u0142owo suszy\u0107 w\u0142osy suszark\u0105?\"}]},{\"@type\":\"WebSite\",\"@id\":\"https:\/\/onlybio.mom\/blog\/#website\",\"url\":\"https:\/\/onlybio.mom\/blog\/\",\"name\":\"Blog\",\"description\":\"onlybio.mom blog\",\"potentialAction\":[{\"@type\":\"SearchAction\",\"target\":{\"@type\":\"EntryPoint\",\"urlTemplate\":\"https:\/\/onlybio.mom\/blog\/?s={search_term_string}\"},\"query-input\":\"required name=search_term_string\"}],\"inLanguage\":\"pl-PL\"},{\"@type\":\"Person\",\"@id\":\"https:\/\/onlybio.mom\/blog\/#\/schema\/person\/d0702df59e5a28d9e26911df9fba407b\",\"name\":\"Ekipa Onlybio\",\"image\":{\"@type\":\"ImageObject\",\"inLanguage\":\"pl-PL\",\"@id\":\"https:\/\/onlybio.mom\/blog\/#\/schema\/person\/image\/\",\"url\":\"https:\/\/secure.gravatar.com\/avatar\/e01d00d36fd4e3f419d87550150d7f3d0c1f285fcfe6721ccfbe39ce851e2a40?s=96&d=mm&r=g\",\"contentUrl\":\"https:\/\/secure.gravatar.com\/avatar\/e01d00d36fd4e3f419d87550150d7f3d0c1f285fcfe6721ccfbe39ce851e2a40?s=96&d=mm&r=g\",\"caption\":\"Ekipa Onlybio\"},\"sameAs\":[\"http:\/\/onlybio.mom\/blog\"],\"url\":\"https:\/\/onlybio.mom\/blog\/author\/admin\/\"}]}<\/script>\n<!-- \/ Yoast SEO plugin. -->","yoast_head_json":{"title":"Jak prawid\u0142owo suszy\u0107 w\u0142osy suszark\u0105?","description":"Sprawd\u017a, jak suszy\u0107 w\u0142osy bezpiecznie i skutecznie. Czy wystarczy jedynie u\u017cycie suszarki z zimnym nawiewem?","robots":{"index":"index","follow":"follow","max-snippet":"max-snippet:-1","max-image-preview":"max-image-preview:large","max-video-preview":"max-video-preview:-1"},"canonical":"https:\/\/onlybio.mom\/blog\/jak-prawidlowo-suszyc-wlosy\/","og_locale":"pl_PL","og_type":"article","og_title":"Jak prawid\u0142owo suszy\u0107 w\u0142osy suszark\u0105?","og_description":"Sprawd\u017a, jak suszy\u0107 w\u0142osy bezpiecznie i skutecznie. Czy wystarczy jedynie u\u017cycie suszarki z zimnym nawiewem?","og_url":"https:\/\/onlybio.mom\/blog\/jak-prawidlowo-suszyc-wlosy\/","og_site_name":"blog","article_published_time":"2023-09-04T10:50:47+00:00","article_modified_time":"2026-08-16T10:13:23+00:00","og_image":[{"width":1000,"height":666,"url":"https:\/\/onlybio.mom\/blog\/wp-content\/uploads\/2023\/09\/prawidlowe-suszenie-wlosow.jpg","type":"image\/jpeg"}],"author":"Ekipa Onlybio","twitter_card":"summary_large_image","twitter_misc":{"Napisane przez":"Ekipa Onlybio","Szacowany czas czytania":"5 minut"},"schema":{"@context":"https:\/\/schema.org","@graph":[{"@type":"WebPage","@id":"https:\/\/onlybio.mom\/blog\/jak-prawidlowo-suszyc-wlosy\/","url":"https:\/\/onlybio.mom\/blog\/jak-prawidlowo-suszyc-wlosy\/","name":"Jak prawid\u0142owo suszy\u0107 w\u0142osy suszark\u0105?","isPartOf":{"@id":"https:\/\/onlybio.mom\/blog\/#website"},"datePublished":"2023-09-04T10:50:47+00:00","dateModified":"2026-08-16T10:13:23+00:00","author":{"@id":"https:\/\/onlybio.mom\/blog\/#\/schema\/person\/d0702df59e5a28d9e26911df9fba407b"},"description":"Sprawd\u017a, jak suszy\u0107 w\u0142osy bezpiecznie i skutecznie. Czy wystarczy jedynie u\u017cycie suszarki z zimnym nawiewem?","breadcrumb":{"@id":"https:\/\/onlybio.mom\/blog\/jak-prawidlowo-suszyc-wlosy\/#breadcrumb"},"inLanguage":"pl-PL","potentialAction":[{"@type":"ReadAction","target":["https:\/\/onlybio.mom\/blog\/jak-prawidlowo-suszyc-wlosy\/"]}]},{"@type":"BreadcrumbList","@id":"https:\/\/onlybio.mom\/blog\/jak-prawidlowo-suszyc-wlosy\/#breadcrumb","itemListElement":[{"@type":"ListItem","position":1,"name":"Strona g\u0142\u00f3wna","item":"https:\/\/onlybio.mom\/blog\/"},{"@type":"ListItem","position":2,"name":"Jak prawid\u0142owo suszy\u0107 w\u0142osy suszark\u0105?"}]},{"@type":"WebSite","@id":"https:\/\/onlybio.mom\/blog\/#website","url":"https:\/\/onlybio.mom\/blog\/","name":"Blog","description":"onlybio.mom blog","potentialAction":[{"@type":"SearchAction","target":{"@type":"EntryPoint","urlTemplate":"https:\/\/onlybio.mom\/blog\/?s={search_term_string}"},"query-input":"required name=search_term_string"}],"inLanguage":"pl-PL"},{"@type":"Person","@id":"https:\/\/onlybio.mom\/blog\/#\/schema\/person\/d0702df59e5a28d9e26911df9fba407b","name":"Ekipa Onlybio","image":{"@type":"ImageObject","inLanguage":"pl-PL","@id":"https:\/\/onlybio.mom\/blog\/#\/schema\/person\/image\/","url":"https:\/\/secure.gravatar.com\/avatar\/e01d00d36fd4e3f419d87550150d7f3d0c1f285fcfe6721ccfbe39ce851e2a40?s=96&d=mm&r=g","contentUrl":"https:\/\/secure.gravatar.com\/avatar\/e01d00d36fd4e3f419d87550150d7f3d0c1f285fcfe6721ccfbe39ce851e2a40?s=96&d=mm&r=g","caption":"Ekipa Onlybio"},"sameAs":["http:\/\/onlybio.mom\/blog"],"url":"https:\/\/onlybio.mom\/blog\/author\/admin\/"}]}},"_links":{"self":[{"href":"https:\/\/onlybio.mom\/blog\/wp-json\/wp\/v2\/posts\/1529","targetHints":{"allow":["GET"]}}],"collection":[{"href":"https:\/\/onlybio.mom\/blog\/wp-json\/wp\/v2\/posts"}],"about":[{"href":"https:\/\/onlybio.mom\/blog\/wp-json\/wp\/v2\/types\/post"}],"author":[{"embeddable":true,"href":"https:\/\/onlybio.mom\/blog\/wp-json\/wp\/v2\/users\/1"}],"replies":[{"embeddable":true,"href":"https:\/\/onlybio.mom\/blog\/wp-json\/wp\/v2\/comments?post=1529"}],"version-history":[{"count":4,"href":"https:\/\/onlybio.mom\/blog\/wp-json\/wp\/v2\/posts\/1529\/revisions"}],"predecessor-version":[{"id":3286,"href":"https:\/\/onlybio.mom\/blog\/wp-json\/wp\/v2\/posts\/1529\/revisions\/3286"}],"wp:featuredmedia":[{"embeddable":true,"href":"https:\/\/onlybio.mom\/blog\/wp-json\/wp\/v2\/media\/1531"}],"wp:attachment":[{"href":"https:\/\/onlybio.mom\/blog\/wp-json\/wp\/v2\/media?parent=1529"}],"wp:term":[{"taxonomy":"category","embeddable":true,"href":"https:\/\/onlybio.mom\/blog\/wp-json\/wp\/v2\/categories?post=1529"},{"taxonomy":"post_tag","embeddable":true,"href":"https:\/\/onlybio.mom\/blog\/wp-json\/wp\/v2\/tags?post=1529"}],"curies":[{"name":"wp","href":"https:\/\/api.w.org\/{rel}","templated":true}]}}